{"id":2347,"date":"2016-09-01T11:59:23","date_gmt":"2016-09-01T09:59:23","guid":{"rendered":"http:\/\/www.everad-adhesives.com\/de\/?p=2347"},"modified":"2023-11-21T15:38:36","modified_gmt":"2023-11-21T14:38:36","slug":"2347-2","status":"publish","type":"post","link":"https:\/\/www.everad-adhesives.com\/de\/2347-2\/","title":{"rendered":"2017 Everad soziale Verantwortung"},"content":{"rendered":"<h5><em>-Sep. 2016-<\/em><\/h5>\n<p>\u201cLa Main sur le Coeur\u201d hilft die benachteiligten, kranken und behinderten Kinder in Elsa\u03b2 und hat sich f\u00fcr Aufgaben gegeben:<\/p>\n<ul>\n<li>Die F\u00f6rderverein die f\u00fcr die Kindheit im Allgemeinen und besonders in Elsa\u00df unterst\u00fctzen<\/li>\n<li>Veranstaltungen f\u00fcr die Sammlung der Spenden bauen und verwirklichen<\/li>\n<li>Ausg\u00e4nge f\u00fcr die benachteiligten Kinder organisieren<\/li>\n<li>Jugendliche bei ihren Studien unterst\u00fctzen.<\/li>\n<\/ul>\n<p><span style=\"color: #818080; font-family: 'Arial',sans-serif; font-size: 10.5pt;\">Association La Main du C\u0153ur<\/span><\/p>\n<p><span style=\"color: #818080; font-family: 'Arial',sans-serif; font-size: 10.5pt;\">29 boulevard Tauler<\/span><\/p>\n<p><span style=\"color: #818080; font-family: 'Arial',sans-serif; font-size: 10.5pt;\">67000 Strasbourg<\/span><\/p>\n<p><span style=\"color: #818080; font-family: 'Arial',sans-serif; font-size: 10.5pt;\">M. +33 (0)3 88 32&nbsp;94 40 <\/span><\/p>\n<p><span style=\"color: #818080; font-family: 'Arial',sans-serif; font-size: 10.5pt;\">info@lamainducoeur<\/span><\/p>\n<p><a href=\"http:\/\/www.lamainducoeur.fr\/\"><span style=\"font-family: 'Arial',sans-serif; font-size: 10.5pt;\"><span style=\"color: #0000ff;\">www.lamainducoeur.fr<\/span><\/span><\/a><\/p>\n<p>&nbsp;<\/p>\n","protected":false},"excerpt":{"rendered":"<p>-Sep. 2016- \u201cLa Main sur le Coeur\u201d hilft die benachteiligten, kranken und behinderten Kinder in Elsa\u03b2 und hat sich f\u00fcr Aufgaben gegeben: Die F\u00f6rderverein die f\u00fcr die Kindheit im Allgemeinen und besonders in Elsa\u00df unterst\u00fctzen Veranstaltungen f\u00fcr die Sammlung der Spenden bauen und verwirklichen Ausg\u00e4nge f\u00fcr die benachteiligten Kinder organisieren Jugendliche bei ihren Studien unterst\u00fctzen. [&hellip;]<\/p>\n","protected":false},"author":4,"featured_media":3712,"comment_status":"open","ping_status":"open","sticky":false,"template":"","format":"standard","meta":{"_acf_changed":false,"footnotes":""},"categories":[21],"tags":[],"class_list":["post-2347","post","type-post","status-publish","format-standard","has-post-thumbnail","hentry","category-beitrag"],"acf":[],"_links":{"self":[{"href":"https:\/\/www.everad-adhesives.com\/de\/wp-json\/wp\/v2\/posts\/2347","targetHints":{"allow":["GET"]}}],"collection":[{"href":"https:\/\/www.everad-adhesives.com\/de\/wp-json\/wp\/v2\/posts"}],"about":[{"href":"https:\/\/www.everad-adhesives.com\/de\/wp-json\/wp\/v2\/types\/post"}],"author":[{"embeddable":true,"href":"https:\/\/www.everad-adhesives.com\/de\/wp-json\/wp\/v2\/users\/4"}],"replies":[{"embeddable":true,"href":"https:\/\/www.everad-adhesives.com\/de\/wp-json\/wp\/v2\/comments?post=2347"}],"version-history":[{"count":4,"href":"https:\/\/www.everad-adhesives.com\/de\/wp-json\/wp\/v2\/posts\/2347\/revisions"}],"predecessor-version":[{"id":3713,"href":"https:\/\/www.everad-adhesives.com\/de\/wp-json\/wp\/v2\/posts\/2347\/revisions\/3713"}],"wp:featuredmedia":[{"embeddable":true,"href":"https:\/\/www.everad-adhesives.com\/de\/wp-json\/wp\/v2\/media\/3712"}],"wp:attachment":[{"href":"https:\/\/www.everad-adhesives.com\/de\/wp-json\/wp\/v2\/media?parent=2347"}],"wp:term":[{"taxonomy":"category","embeddable":true,"href":"https:\/\/www.everad-adhesives.com\/de\/wp-json\/wp\/v2\/categories?post=2347"},{"taxonomy":"post_tag","embeddable":true,"href":"https:\/\/www.everad-adhesives.com\/de\/wp-json\/wp\/v2\/tags?post=2347"}],"curies":[{"name":"wp","href":"https:\/\/api.w.org\/{rel}","templated":true}]}}