{"id":2848,"date":"2019-03-13T11:19:33","date_gmt":"2019-03-13T10:19:33","guid":{"rendered":"http:\/\/www.everad-adhesives.com\/ru\/?p=2848"},"modified":"2019-03-13T11:19:33","modified_gmt":"2019-03-13T10:19:33","slug":"everad-adhesives-exhibits-at-interzum-2019-in-d-cologne","status":"publish","type":"post","link":"https:\/\/www.everad-adhesives.com\/ru\/2019\/03\/13\/everad-adhesives-exhibits-at-interzum-2019-in-d-cologne\/","title":{"rendered":"Everad Adhesives exhibits at Interzum 2019 in D-Cologne"},"content":{"rendered":"<p><em>-M\u00e4rz &#8211; <\/em><\/p>\n<p><strong>Everad Adhesives <\/strong>(www.everad-adhesives.com) ist der unentbehrliche Klebstofflierant f\u00fcr Schaum in den Schaumstoffverarbeitung, Sofa-, Sitzen-, B\u00fcrost\u00fchlen-, und Matratzen-Anwendungen. Jeder Tag liefert Everad zahlreichen Industriekunden mit neue und innovative L\u00f6sungen.<br \/>\nWir werden der n\u00e4chsten Ausgabe der Austellung Foam Expo 2018 von K\u00f6ln in Deutschland vom <strong>21. bis 24.05.2019 <\/strong>ausstellen :<br \/>\n<strong>Everad Adhesives \u2013 Hall 10.1 \u2013 Stand G-30<\/strong><br \/>\nEverad wird unsere letzten Innovationen vorstellen, die Ihnen erlauben, noch produktiver zu werden, die Qualit\u00e4t Ihrer Produkte zu steigern, die Arbeit Ihrer Wirtschaftsbeteiligten zu vereinfachen und umweltschonende Systeme zu schaffen.<br \/>\nUnser Team wird gl\u00fccklich sein, mit Ihnen Ihre Bed\u00fcrfnisse zu analysieren. Wir werden Ihnen die besten \u201csticking ideas\u201d bringen, die Ihren Erwartungen entsprechen.<br \/>\nWir freuen uns darauf, Sie zu treffen.<\/p>\n","protected":false},"excerpt":{"rendered":"<p>-M\u00e4rz &#8211; Everad Adhesives (www.everad-adhesives.com) ist der unentbehrliche Klebstofflierant f\u00fcr Schaum in den Schaumstoffverarbeitung, Sofa-, Sitzen-, B\u00fcrost\u00fchlen-, und Matratzen-Anwendungen. Jeder Tag liefert Everad zahlreichen Industriekunden mit neue und innovative L\u00f6sungen. Wir werden der n\u00e4chsten Ausgabe der Austellung Foam Expo 2018 von K\u00f6ln in Deutschland vom 21. bis 24.05.2019 ausstellen : Everad Adhesives \u2013 Hall 10.1 [&hellip;]<\/p>\n","protected":false},"author":4,"featured_media":2849,"comment_status":"open","ping_status":"open","sticky":false,"template":"","format":"standard","meta":{"_acf_changed":false,"footnotes":""},"categories":[14,18],"tags":[],"class_list":["post-2848","post","type-post","status-publish","format-standard","has-post-thumbnail","hentry","category-event","category-news"],"acf":[],"_links":{"self":[{"href":"https:\/\/www.everad-adhesives.com\/ru\/wp-json\/wp\/v2\/posts\/2848","targetHints":{"allow":["GET"]}}],"collection":[{"href":"https:\/\/www.everad-adhesives.com\/ru\/wp-json\/wp\/v2\/posts"}],"about":[{"href":"https:\/\/www.everad-adhesives.com\/ru\/wp-json\/wp\/v2\/types\/post"}],"author":[{"embeddable":true,"href":"https:\/\/www.everad-adhesives.com\/ru\/wp-json\/wp\/v2\/users\/4"}],"replies":[{"embeddable":true,"href":"https:\/\/www.everad-adhesives.com\/ru\/wp-json\/wp\/v2\/comments?post=2848"}],"version-history":[{"count":1,"href":"https:\/\/www.everad-adhesives.com\/ru\/wp-json\/wp\/v2\/posts\/2848\/revisions"}],"predecessor-version":[{"id":2850,"href":"https:\/\/www.everad-adhesives.com\/ru\/wp-json\/wp\/v2\/posts\/2848\/revisions\/2850"}],"wp:featuredmedia":[{"embeddable":true,"href":"https:\/\/www.everad-adhesives.com\/ru\/wp-json\/wp\/v2\/media\/2849"}],"wp:attachment":[{"href":"https:\/\/www.everad-adhesives.com\/ru\/wp-json\/wp\/v2\/media?parent=2848"}],"wp:term":[{"taxonomy":"category","embeddable":true,"href":"https:\/\/www.everad-adhesives.com\/ru\/wp-json\/wp\/v2\/categories?post=2848"},{"taxonomy":"post_tag","embeddable":true,"href":"https:\/\/www.everad-adhesives.com\/ru\/wp-json\/wp\/v2\/tags?post=2848"}],"curies":[{"name":"wp","href":"https:\/\/api.w.org\/{rel}","templated":true}]}}